{"id":4092,"date":"2025-12-17T17:36:08","date_gmt":"2025-12-17T16:36:08","guid":{"rendered":"https:\/\/www.100nexo.com\/?p=4092"},"modified":"2026-03-04T23:17:33","modified_gmt":"2026-03-04T22:17:33","slug":"a-cristina","status":"publish","type":"post","link":"https:\/\/www.100nexo.com\/?p=4092","title":{"rendered":"A &#8220;cubana&#8221;"},"content":{"rendered":"<div class=\"pld-like-dislike-wrap pld-template-2\">\r\n    <div class=\"pld-like-wrap  pld-common-wrap\">\r\n    <a href=\"javascript:void(0)\" class=\"pld-like-trigger pld-like-dislike-trigger  \" title=\"Clique aqui se gostou do texto...\" data-post-id=\"4092\" data-trigger-type=\"like\" data-restriction=\"ip\" data-already-liked=\"0\">\r\n                        <i class=\"fas fa-heart\"><\/i>\r\n                <\/a>\r\n    <span class=\"pld-like-count-wrap pld-count-wrap\">455    <\/span>\r\n<\/div><div class=\"pld-dislike-wrap  pld-common-wrap\">\r\n    <a href=\"javascript:void(0)\" class=\"pld-dislike-trigger pld-like-dislike-trigger  \" title=\"Clique aqui se n\u00e3o gostou do texto...\" data-post-id=\"4092\" data-trigger-type=\"dislike\" data-restriction=\"ip\" data-already-liked=\"0\">\r\n                        <i class=\"fa fa-heartbeat\"><\/i>\r\n                <\/a>\r\n    <span class=\"pld-dislike-count-wrap pld-count-wrap\">0<\/span>\r\n<\/div><\/div><p>Est\u00e1vamos em 1985 quando o telefone tocou! Onze da noite? Quem ser\u00e1 o idiota que me quer chatear a estas horas? Atendi. Do outro lado uma voz com sotaque madeirense gritava \u201c<em>Neves? Olha a gente vai a\u00ed a Lisboa e queremos que v\u00e1s com a gente ao Aut\u00f3dromo do Estoril ver umas corridas!\u201d<\/em><\/p>\n<p>S\u00f3 podiam ser os \u201ctriloucos\u201d de sempre. Ri-me e respondi-lhes que al\u00e9m de estar meio teso, precisava de estudar por isso n\u00e3o os podia acompanhar. Depois de algum sil\u00eancio, uma outra voz pegou no telefone e insistiu \u201c<em>Oh seu caralho \u00e9 s\u00f3 no Domingo! \u00c9 dia de ir \u00e0 missa! Estudas depois!\u201d<\/em>. Depois de muita insist\u00eancia e alguns palavr\u00f5es, l\u00e1 concordei em ir com eles ao Aut\u00f3dromo.<\/p>\n<p>Logo pela manh\u00e3 do domingo combinado apanharam-me na Pra\u00e7a do Areeiro e l\u00e1 fomos na dire\u00e7\u00e3o da Marginal. Paramos em Cascais para por a \u201cbilhardice\u201d em dia com umas &#8220;bejecas&#8221; e depois fomos para o Aut\u00f3dromo. O Aut\u00f3dromo estava composto e n\u00e3o foi preciso esperar muito tempo para um deles aparecer com uma data de imperiais frescas. N\u00e3o \u00e9 dif\u00edcil de perceber que juntar madeirenses com cervejas \u00e9 logo motivo para festa e palha\u00e7adas. O \u201cescabeche\u201d era de tal ordem que come\u00e7amos a chamar a aten\u00e7\u00e3o de outros entusiastas presentes. Do outro lado da veda\u00e7\u00e3o uma mi\u00fada chamou-me a aten\u00e7\u00e3o porque olhava-me de rev\u00e9s e ria-se\u00a0 com as barbaridades que diz\u00edamos (s\u00f3 mais tarde \u00e9 que percebi porque \u00e9 que ela se ria com as nossas asneiradas).<\/p>\n<p>O tempo ia passando e as \u201cbejecas\u201d come\u00e7avam a fazer efeito em mim. No estado normal sou t\u00edmido por natureza mas com os vapores do \u00e1lcool n\u00e3o demorei muito tempo em saltar a veda\u00e7\u00e3o e ir meter conversa com a tal mi\u00fada. Logo de in\u00edcio olhou-me com um ar queque e perguntou-me a rir \u201c<em>Voc\u00eas s\u00e3o madeirenses?<\/em>\u201d ao que respondi com um \u201c<em>nota-se assim tanto?<\/em>\u201d que lhe provocou um novo sorriso.<\/p>\n<p>O pior de tudo \u00e9 que do outro lado come\u00e7<em>avam as bocas \u201cOlha o Neves j\u00e1 engatou uma cubana!\u201d<\/em> o que me causou algum constrangimento. Meio envergonhado pedi desculpas e l\u00e1 no fim da conversa perguntei-lhe o nome e pedi-lhe o n\u00famero de telefone (na altura n\u00e3o havia telem\u00f3veis, pelo que me deu o numero de casa).<\/p>\n<p>No fim da prova cada um foi para o seu lado, a Cristina partiu com as amigas e os \u201ctriloucos\u201d voltaram para a Madeira. Nisto tudo o meu maior medo era esquecer o n\u00famero de telefone dela no percurso para casa. Nunca fui bom a decorar n\u00fameros\u00a0 mas aquele ficou-me na mem\u00f3ria! Seriam efeitos do \u00e1lcool?<\/p>\n<p>Conforme tinha sido combinado, logo na 2\u00aa feira ao fim da tarde liguei-lhe. Atendeu-me o pai e meio assustado pedi para falar com a Cristina. Depois de alguns minutos ela veio ao telefone, identifiquei-me como o louco do Aut\u00f3dromo e perguntei-lhe se queria sair para tomar um caf\u00e9. Respondeu-me logo que n\u00e3o podia sair mas depois, perante o meu sil\u00eancio ensurdecedor, acrescentou que na quinta-feira ia estar presente num evento de Gin\u00e1stica R\u00edtmica no Pavilh\u00e3o do Sporting porque fazia parte da equipa e que depois disso pod\u00edamos tomar um caf\u00e9.<\/p>\n<p>Conversamos mais alguns minutos ao telefone e no fim pedi outra vez desculpa pela loucura do dia anterior. Depois desligar o telefone, pensei em voz alta \u201c<em>uma sportinguista! Saiu-me a sorte grande!<\/em>\u201d<\/p>\n<p>Contei os dias que faltavam e na quinta-feira apanhei o metro para Entre Campos. Chegado ao Pavilh\u00e3o sentei-me na assist\u00eancia. O evento n\u00e3o tinha grande interesse para mim mas v\u00ea-la \u00e0 frente da equipa do Sporting de collants verdes aos saltos e a dan\u00e7ar foi simplesmente inesquec\u00edvel.<\/p>\n<p>No fim esperei na porta principal e ela veio ter comigo. Enquanto nos dirig\u00edamos para o Caf\u00e9 ela perguntou-me o que fazia um madeirense em Lisboa, ao que expliquei que estava a estudar engenharia no T\u00e9cnico. Ela sorriu e respondeu <em>\u201c\u00e9 que os meus pais s\u00e3o tamb\u00e9m madeirenses!\u201d<\/em>. Como? Nunca gostei de Estat\u00edstica mas qual \u00e9 a probabilidade de um madeirense se apaixonar por uma mi\u00fada continental com pais madeirenses? Um para um milh\u00e3o?<\/p>\n<p>Da\u00ed para a frente encontramo-nos quase todos os dias. Ela andava no Liceu do Lumiar e eu, quando n\u00e3o tinha aulas, esperava-a \u00e0 sa\u00edda do Liceu. Das outras vezes era ela que ia ter comigo \u00e0 Av. Roma, onde pass\u00e1vamos as tardes a conversar num pequeno bar chamado Midel que ficava na Av. Sacadura Cabral.<\/p>\n<p>O tempo passou e, entre conversas e caf\u00e9s, acabamos por casar em 1990.<\/p>\n<p>Hoje, passados 40 anos &#8211; e por incr\u00edvel que pare\u00e7a &#8211; continuo a me lembrar do n\u00famero de telefone que ela me deu quando nos conhecemos.<\/p>\n<p>&nbsp;<\/p>\n","protected":false},"excerpt":{"rendered":"<p>455 0 Est\u00e1vamos em 1985 quando o telefone tocou! Onze da noite? Quem ser\u00e1 o&#8230;<\/p>\n","protected":false},"author":1,"featured_media":4093,"comment_status":"closed","ping_status":"closed","sticky":false,"template":"","format":"standard","meta":{"footnotes":""},"categories":[10],"tags":[12,45,50],"class_list":["post-4092","post","type-post","status-publish","format-standard","has-post-thumbnail","hentry","category-confissoes","tag-amor","tag-engenharia","tag-paixao"],"_links":{"self":[{"href":"https:\/\/www.100nexo.com\/index.php?rest_route=\/wp\/v2\/posts\/4092","targetHints":{"allow":["GET"]}}],"collection":[{"href":"https:\/\/www.100nexo.com\/index.php?rest_route=\/wp\/v2\/posts"}],"about":[{"href":"https:\/\/www.100nexo.com\/index.php?rest_route=\/wp\/v2\/types\/post"}],"author":[{"embeddable":true,"href":"https:\/\/www.100nexo.com\/index.php?rest_route=\/wp\/v2\/users\/1"}],"replies":[{"embeddable":true,"href":"https:\/\/www.100nexo.com\/index.php?rest_route=%2Fwp%2Fv2%2Fcomments&post=4092"}],"version-history":[{"count":24,"href":"https:\/\/www.100nexo.com\/index.php?rest_route=\/wp\/v2\/posts\/4092\/revisions"}],"predecessor-version":[{"id":4174,"href":"https:\/\/www.100nexo.com\/index.php?rest_route=\/wp\/v2\/posts\/4092\/revisions\/4174"}],"wp:featuredmedia":[{"embeddable":true,"href":"https:\/\/www.100nexo.com\/index.php?rest_route=\/wp\/v2\/media\/4093"}],"wp:attachment":[{"href":"https:\/\/www.100nexo.com\/index.php?rest_route=%2Fwp%2Fv2%2Fmedia&parent=4092"}],"wp:term":[{"taxonomy":"category","embeddable":true,"href":"https:\/\/www.100nexo.com\/index.php?rest_route=%2Fwp%2Fv2%2Fcategories&post=4092"},{"taxonomy":"post_tag","embeddable":true,"href":"https:\/\/www.100nexo.com\/index.php?rest_route=%2Fwp%2Fv2%2Ftags&post=4092"}],"curies":[{"name":"wp","href":"https:\/\/api.w.org\/{rel}","templated":true}]}}