{"id":2624,"date":"2020-07-01T08:38:04","date_gmt":"2020-07-01T08:38:04","guid":{"rendered":"https:\/\/www.100nexo.com\/?p=2624"},"modified":"2020-07-04T07:49:32","modified_gmt":"2020-07-04T07:49:32","slug":"os-advogados","status":"publish","type":"post","link":"https:\/\/www.100nexo.com\/?p=2624","title":{"rendered":"Os advogados"},"content":{"rendered":"<div class=\"pld-like-dislike-wrap pld-template-2\">\r\n    <div class=\"pld-like-wrap  pld-common-wrap\">\r\n    <a href=\"javascript:void(0)\" class=\"pld-like-trigger pld-like-dislike-trigger  \" title=\"Clique aqui se gostou do texto...\" data-post-id=\"2624\" data-trigger-type=\"like\" data-restriction=\"ip\" data-already-liked=\"0\">\r\n                        <i class=\"fas fa-heart\"><\/i>\r\n                <\/a>\r\n    <span class=\"pld-like-count-wrap pld-count-wrap\">99    <\/span>\r\n<\/div><div class=\"pld-dislike-wrap  pld-common-wrap\">\r\n    <a href=\"javascript:void(0)\" class=\"pld-dislike-trigger pld-like-dislike-trigger  \" title=\"Clique aqui se n\u00e3o gostou do texto...\" data-post-id=\"2624\" data-trigger-type=\"dislike\" data-restriction=\"ip\" data-already-liked=\"0\">\r\n                        <i class=\"fa fa-heartbeat\"><\/i>\r\n                <\/a>\r\n    <span class=\"pld-dislike-count-wrap pld-count-wrap\">4<\/span>\r\n<\/div><\/div><p>Os advogados s\u00e3o os \u00fanicos profissionais que conhe\u00e7o que conseguem falar sem pensar. E antes que a Ordem dos Advogados, ou algu\u00e9m com problemas de suscetibilidade, me processe por in\u00fameros crimes, passo a explicar.<\/p>\n<p>N\u00e3o sou neurologista, mas sei que no c\u00e9rebro a capacidade de calcular n\u00fameros \u00e9 independente do reconhecimento dos sinais das opera\u00e7\u00f5es em si, ou seja, as contas com muitos n\u00fameros s\u00e3o independentes das opera\u00e7\u00f5es aritm\u00e9ticas. Resumindo, o nosso c\u00e9rebro \u00e9 capaz de processar c\u00e1lculos aritm\u00e9ticos em paralelo e assincronamente, ou seja, algo muito similar com a t\u00e9cnica de programa\u00e7\u00e3o de computadores conhecida como <em>multithreading<\/em>.<\/p>\n<p>Por exemplo, no nosso c\u00e9rebro uma simples opera\u00e7\u00e3o da soma de duas multiplica\u00e7\u00f5es como <em>8&#215;5+9&#215;4<\/em>, \u00e9 efetuada em simult\u00e2neo, isto \u00e9, enquanto estamos a usar o c\u00e9rebro para escrever a f\u00f3rmula num papel, uma parte do nosso c\u00e9rebro j\u00e1 est\u00e1 a calcular as parcelas em\u00a0 <em>multithreading<\/em>\u00a0 permitindo obter resultados mais rapidamente.<\/p>\n<p>E por isso estou convicto que existem pessoas que, com uma boa mem\u00f3ria, uma boa dic\u00e7\u00e3o e muito treino, conseguem executar numa <em>Thread<\/em> um di\u00e1logo apaixonante sobre meteorologia\u00a0 enquanto processam noutra <em>Thread<\/em> independente uma dedu\u00e7\u00e3o matem\u00e1tica complexa.<\/p>\n<p>\u00c9 muito comum ouvir um bom advogado despejar em modo autom\u00e1tico uma data de Decretos-Lei, nomear artigos e al\u00edneas\u00a0 ao calhas\u00a0 apenas para ganhar tempo e distrair o seu advers\u00e1rio, quando na verdade j\u00e1 est\u00e1 a pensar na resposta correta sobre um determinado assunto. Esta habilidade de demonstrar no di\u00e1logo uma tese utilizando a argumenta\u00e7\u00e3o passou a ser uma arte conhecida por dial\u00e9tica, e faz do advogado um dos profissionais mais bem preparados para a pol\u00edtica.<\/p>\n<p>Mas a\u00a0 excelente dial\u00e9tica \u00a0dos advogados na pol\u00edtica tem o seu reverso da medalha e n\u00e3o \u00e9 por acaso que numa sondagem recente sobre as profiss\u00f5es em que os portugueses mais confiam, os advogados e os pol\u00edticos foram colocados no fim de uma lista liderada por Bombeiros e M\u00e9dicos.<\/p>\n","protected":false},"excerpt":{"rendered":"<p>99 4 Os advogados s\u00e3o os \u00fanicos profissionais que conhe\u00e7o que conseguem falar sem pensar&#8230;.<\/p>\n","protected":false},"author":1,"featured_media":2625,"comment_status":"closed","ping_status":"closed","sticky":false,"template":"","format":"standard","meta":{"footnotes":""},"categories":[1940],"tags":[41,42,38,40],"class_list":["post-2624","post","type-post","status-publish","format-standard","has-post-thumbnail","hentry","category-politica","tag-economia","tag-empresas","tag-opinion-makers","tag-politicos"],"_links":{"self":[{"href":"https:\/\/www.100nexo.com\/index.php?rest_route=\/wp\/v2\/posts\/2624","targetHints":{"allow":["GET"]}}],"collection":[{"href":"https:\/\/www.100nexo.com\/index.php?rest_route=\/wp\/v2\/posts"}],"about":[{"href":"https:\/\/www.100nexo.com\/index.php?rest_route=\/wp\/v2\/types\/post"}],"author":[{"embeddable":true,"href":"https:\/\/www.100nexo.com\/index.php?rest_route=\/wp\/v2\/users\/1"}],"replies":[{"embeddable":true,"href":"https:\/\/www.100nexo.com\/index.php?rest_route=%2Fwp%2Fv2%2Fcomments&post=2624"}],"version-history":[{"count":0,"href":"https:\/\/www.100nexo.com\/index.php?rest_route=\/wp\/v2\/posts\/2624\/revisions"}],"wp:featuredmedia":[{"embeddable":true,"href":"https:\/\/www.100nexo.com\/index.php?rest_route=\/wp\/v2\/media\/2625"}],"wp:attachment":[{"href":"https:\/\/www.100nexo.com\/index.php?rest_route=%2Fwp%2Fv2%2Fmedia&parent=2624"}],"wp:term":[{"taxonomy":"category","embeddable":true,"href":"https:\/\/www.100nexo.com\/index.php?rest_route=%2Fwp%2Fv2%2Fcategories&post=2624"},{"taxonomy":"post_tag","embeddable":true,"href":"https:\/\/www.100nexo.com\/index.php?rest_route=%2Fwp%2Fv2%2Ftags&post=2624"}],"curies":[{"name":"wp","href":"https:\/\/api.w.org\/{rel}","templated":true}]}}